{"id":3019,"date":"2024-05-09T12:11:40","date_gmt":"2024-05-09T16:11:40","guid":{"rendered":"https:\/\/www.aclu-ia.org\/press-releases\/grupos-de-libertades-civiles-presentan-demanda-contra-la-ley-inconstitucional-sf-2340\/"},"modified":"2024-05-09T12:11:40","modified_gmt":"2024-05-09T16:11:40","slug":"grupos-de-libertades-civiles-presentan-demanda-contra-la-ley-inconstitucional-sf-2340","status":"publish","type":"press_release","link":"https:\/\/www.aclu-ia.org\/es\/press-releases\/grupos-de-libertades-civiles-presentan-demanda-contra-la-ley-inconstitucional-sf-2340\/","title":{"rendered":"Grupos de libertades civiles presentan demanda contra la ley inconstitucional SF 2340 de Iowa"},"author":7,"featured_media":0,"menu_order":0,"template":"","meta":{"_acf_changed":false,"_relevanssi_hide_post":"","_relevanssi_hide_content":"","_relevanssi_pin_for_all":"","_relevanssi_pin_keywords":"","_relevanssi_unpin_keywords":"","_relevanssi_related_keywords":"","_relevanssi_related_include_ids":"","_relevanssi_related_exclude_ids":"","_relevanssi_related_no_append":"","_relevanssi_related_not_related":"","_relevanssi_related_posts":"","_relevanssi_noindex_reason":""},"class_list":["post-3019","press_release","type-press_release","status-publish","hentry"],"acf":{"subheading":"","date_and_time":"2024-05-09 12:00:00","featured_image":null,"components":[{"acf_fc_layout":"text","text":{"text":"<em>Des Moines, Iowa<\/em> \u2014 Grupos de libertades civiles presentaron una demanda federal para bloquear <a href=\"https:\/\/www.legis.iowa.gov\/legislation\/BillBook?ga=90&amp;ba=SF2340\">SF 2340<\/a>, una de las peores leyes promulgadas en el estado de Iowa.\n\nLa ley entra en vigor el primero de julio. Pero se contradice con leyes federales que ya existen y tendr\u00e1 muchas consecuencias dram\u00e1ticas para las personas que viven en Iowa. La ley crea nuevos cr\u00edmenes para cualquier persona en Iowa, incluyendo a ni\u00f1os, que han regresado al pa\u00eds despu\u00e9s de ser deportados, aun si esa persona tiene permiso para permanecer en los EE.UU.\n\nLa demanda fue sometida en el Distrito Tribunal de los Estados Unidos por el Distrito Sur de Iowa por el Consejo Americano de Inmigraci\u00f3n, la oficina nacional de la Uni\u00f3n Americana de Libertades Civiles (ACLU), y la ACLU de Iowa de parte del Movimiento Migrante para Justicia en Iowa (Iowa MMJ) y los miles de inmigrantes que son asistidos por esa organizaci\u00f3n, incluyendo dos individuos que viven en Iowa.\n\n\u201cEsta cruel ley es muy da\u00f1ina para las familias y comunidades en Iowa. Los pol\u00edticos de Iowa eligieron como blanco a gente que est\u00e1 protegida por leyes federales de inmigraci\u00f3n y que est\u00e1n aqu\u00ed legalmente. Por ejemplo, personas que tienen asilo o visas especiales para sobrevivientes de la violencia dom\u00e9stica u otros cr\u00edmenes,\u201d dijo Rita Bettis Austen, la directora legal del ACLU de Iowa.\n\n\u201cHay muchas razones\u2014como relaciones exteriores, la seguridad nacional, intereses humanitarios, y nuestro sistema constitucional\u2014por las que el gobierno federal impone nuestra ley migratoria a cambio de que cada uno de los 50 estados hagan su propia voluntad e impongan sus propios esquemas migratorios. Es dif\u00edcil exagerar lo extra\u00f1a y horrible que es esta ley,\u201d dijo Bettis Austen."}},{"acf_fc_layout":"heading","heading":{"":null,"text":"Que es SF 2340?","anchor":"","sub-heading":"","type":"h3","heading-style":"standard"}},{"acf_fc_layout":"text","text":{"text":"SF 2340 est\u00e1 basada en una ley de Texas que recibi\u00f3 mucha atenci\u00f3n nacional y por el momento est\u00e1 bloqueada por el Tribunal de Apelaciones del Quinto Circuito porque probablemente es inconstitucional bajo la cl\u00e1usula suprema de la constituci\u00f3n de los EE.UU.\n\nSF 2340 empeora las leyes de inmigraci\u00f3n. Ordena a los oficiales de orden p\u00fablica a arrestar a los inmigrantes que s\u00ed <em>tienen permiso para estar aqu\u00ed.<\/em> Eso incluye gente que tiene asilo, visas para proteger a v\u00edctimas de crimen, tr\u00e1fico humano y violencia dom\u00e9stica. U tambi\u00e9n otros que tienen uno de los varios estatus migratorios que hay disponibles, incluyendo protecciones para j\u00f3venes inmigrantes.\n\nLa nueva ley ordena a los agentes de orden p\u00fablica a arrestar gente que tienen tarjetas verdes y han vivido aqu\u00ed por a\u00f1os con sus familias, como los individuos que son parte de esta demanda Jane Doe y Elizabeth Roe.*"}},{"acf_fc_layout":"heading","heading":{"":null,"text":"Impacto en las personas, incluyendo ni\u00f1os","anchor":"","sub-heading":"","type":"h3","heading-style":"standard"}},{"acf_fc_layout":"text","text":{"text":"Esta demanda muestra la situaci\u00f3n de Anna* (no es su nombre verdadero). Ella tiene 18 a\u00f1os y naci\u00f3 en Honduras, donde su padre fue asesinado y su hermana fue secuestrada. Anna fue tra\u00edda a los EE.UU. con su madre cuando ten\u00eda 14 a\u00f1os y fue deportada. Un poco tiempo despu\u00e9s, todav\u00eda temiendo por su vida, ella otra vez entr\u00f3 sola a los EE.UU. Ella recibi\u00f3 asilo y estatus legal. Ella vive con una familia de Iowa y va a la secundaria. Pero bajo SF 2340, ella puede ser arrestada y deportada a la frontera mexicana, donde no tiene familia ni conexiones.\n\n\u201cBajo SF 2340, aunque una persona ahora tiene estatus legal, ellos pueden ser arrestados y deportados si alguna vez fueron deportados y reingresaron al pa\u00eds. Esta ley no tiene sentido y es claramente inconstitucional,\u201d dijo Kate Melloy Goettel, la directora legal del Consejo Americano de Inmigraci\u00f3n (pronunciado MUH-loy GET-el).\n\n\u201cSF 2340 no es solo sobre el \u2018reingreso ilegal.\u2019 Es una ley mala con muchas implicaciones. Va crear desorden y sufrimiento en nuestro sistema legal y da\u00f1a a comunidades en Iowa,\u201d dijo Melloy Goettel.\n\nLa demanda tambi\u00e9n incluye una inmigrante que es referida como Jane Doe. Ella tiene 68 a\u00f1os y es abuela pero tiene muchos problemas de salud. Jane naci\u00f3 en M\u00e9xico pero es residente permanente de los EE. UU. y ha vivido aqu\u00ed por muchos a\u00f1os.\n\nJane vino aqu\u00ed sin permiso para reunirse con su esposo, \u00e9l consigui\u00f3 residencia permanente en los ochentas. Jane regres\u00f3 a M\u00e9xico en 2005 despu\u00e9s de que muri\u00f3 su madre pero cuando trat\u00f3 de regresar, ella fue detenida en la frontera. Como su esposo era un ciudadano, \u00e9l solicit\u00f3 permiso para que ella pudiera regresar legalmente. Sin embargo, la aplicaci\u00f3n no fue aprobada antes que \u00e9l falleciera. No fue hasta 2022 que Jane pudo regresar a Iowa. Aunque ella tiene una tarjeta verde y tiene permiso para permanecer aqu\u00ed, bajo SF 2340 ella puede ser arrestada o puesta en prisi\u00f3n."}},{"acf_fc_layout":"heading","heading":{"":null,"text":"Numerosos problemas con SF 2340","anchor":"","sub-heading":"","type":"h3","heading-style":"standard"}},{"acf_fc_layout":"text","text":{"text":"SF 2340 tiene muchas implicaciones m\u00e1s all\u00e1 de simplemente criminalizar el \"reingreso ilegal\u201d:\n\n<strong>\u2022 Esta nueva ley estatal se contradice con leyes federales de inmigraci\u00f3n que ya existen.<\/strong> Como los ejemplos de Anna y Jane Doe demuestran, aunque alguien est\u00e9 aqu\u00ed legalmente bajo la ley federal, si antes fueron negados permiso para entrar o fueron deportados, ellos pueden ser detenidos o deportados por el estado de Iowa.\n\n<strong>\u2022 SF 2340 pone la responsabilidad de imponer leyes de inmigraci\u00f3n sobre polic\u00edas locales aunque siempre ha sido la responsabilidad del gobierno federal. Y los polic\u00edas locales dicen que no tienen las herramientas ni el entrenamiento para imponer las leyes de inmigraci\u00f3n.<\/strong>\n\nTambi\u00e9n han dicho que esta ley va a da\u00f1ar en vez de mejorar la seguridad p\u00fablica.\n\nMichael Tupper, el jefe de la polic\u00eda en Marshalltown, dijo, \u201cEsta ley perjudica la habilidad de la polic\u00eda para trabajar con sus comunidades y va a disminuir la seguridad p\u00fablica, no promoverla. Va crear miedo en nuestra comunidad y la gente no va a querer hablar con la polic\u00eda y reportar crimines.\n\n\u201cEsta ley no provee fondos para los gobiernos locales y estatales que fueron instruidos por el estado a arrestar, procesar, deportar y detener a la gente. Ellos dicen que va a tomar tiempo y recursos de su deber m\u00e1s importante: Mantener seguras a sus comunidades locales.\u201d\n\n\u201cEsta ley ordena a polic\u00edas, procuradores y jueces a  imponer la ley migratoria aunque no tienen el entrenamiento ni las herramientas para hacerlo,\u201d dijo Bettis Austen.\n\n<strong>\u2022 Esta ley tambi\u00e9n aplica a menores de edad.<\/strong> Por ejemplo, puede impactar situaciones donde alguien fue tra\u00eddo aqu\u00ed cuando era un beb\u00e9 o un ni\u00f1o peque\u00f1o y despu\u00e9s fueron deportados con su familia. Ahora el estado de Iowa ordena a la polic\u00eda a arrestar, enjuiciar, deportar, o detener a ni\u00f1os si reingresan al pa\u00eds, aunque tienen un derecho legal de estar aqu\u00ed.\n\n\u201cEsta ley no protege a ni\u00f1os porque facilita su detenci\u00f3n, deportaci\u00f3n y encarcelamiento, aunque entraron o reingresaron al pa\u00eds sin permiso cuando eran solo beb\u00e9s o ni\u00f1os\", dijo Bettis Austen.\n\n<strong>\u2022 Facilita la discriminaci\u00f3n racial.<\/strong> Los agentes de orden p\u00fablico no tienen acceso a los datos complejos, entrenamiento y otros recursos para determinar cual es el estatus migratorio de una persona, porque hay varios.\n\n\u201cLa polic\u00eda local simplemente no tiene ninguna forma de determinar el estatus migratorio verdadero de una persona. Esto probablemente va a resultar en discriminaci\u00f3n racial que da\u00f1e inmigrantes y ciudadanos a la misma vez,\u201d dijo Bettis Austen.\n\n<strong>\u2022 Esta ley va a resultar en la separaci\u00f3n de familias.<\/strong> Si esta ley se impone, las familias van a ser destruidas. Esto incluye a familias que han vivido aqu\u00ed por d\u00e9cadas, con hijos que fueron nacidos en Iowa. Aun en casos donde los padres tienen permiso de estar aqu\u00ed, familias pueden ser separadas si madres, padres, hermanas, hermanos y abuelos son deportados.\n\nBrenna Bird, la abogada general de Iowa, es una de las demandadas. Tambi\u00e9n los abogados de los condados Clayton y Polk fueron demandados porque son los procuradores principales en los condados donde viven las demandantes. Los procuradores est\u00e1n nombrados en sus capacidades oficiales y no porque estuvieron involucrados en el proceso de crear la ley SF 2340."}},{"acf_fc_layout":"heading","heading":{"":null,"text":"Declaraciones adicionales","anchor":"","sub-heading":"","type":"h3","heading-style":"standard"}},{"acf_fc_layout":"text","text":{"text":"<strong>Erica Johnson, directora fundadora ejecutiva del Movimiento Migrante para Justicia en Iowa (Iowa MMJ)<\/strong>\n\n\u201cLos que apoyan esta ley dicen que la pasaron porque est\u00e1n cansados de la forma en que el gobierno federal y la actual administraci\u00f3n imponen la ley migratoria. Todos estamos de acuerdo que nuestro sistema de inmigraci\u00f3n debe mejorar, pero esta ley no es una soluci\u00f3n. Le da miedo a las comunidades inmigrantes de Iowa y da\u00f1a a los grupos locales que est\u00e1n tratando de encontrar soluciones y mejorar sus comunidades.\"\n\n\u201cTambi\u00e9n es una ley inhumana que pone vidas y familias en riesgo. Facilita la deportaci\u00f3n de gente\u2014incluyendo a peque\u00f1os ni\u00f1os\u2014que han vivido aqu\u00ed, por d\u00e9cadas a veces, pac\u00edficamente y contribuyen a sus comunidades. No importa si tienen permiso para estar aqu\u00ed. Todav\u00eda pueden ser detenidos y deportados a la frontera, muchas veces miles de millas de sus pa\u00edses de origen.\n\n\u201cNecesitamos leyes que crean un sistema de inmigraci\u00f3n que funciona, es humano, y ordenado. SF 2340 hace el opuesto.\u201d\n\n<strong>Wafa Junaid, un miembro Skadden del projecto nacional de inmigracion del ACLU<\/strong>\n\n\"Esta ley extreme va a tener consecuencias devastadoras para comunidades en Iowa. Va a afectar desproporcionadamente a miembros de la comunidad que son morenos o negros sin importar su estatus migratoria, va a malgastar recursos locales, y quitarles a la gente su derecho constitucional al debido proceso. Como ya lo decidi\u00f3 una corte, Texas se equivoc\u00f3 con SB 4 e Iowa debe rechazar esfuerzos parecidos que solo dividen comunidades.\"\n\n<strong>Maria Corona, directora ejecutiva de la Coalici\u00f3n Contra la Violencia Domestica de Iowa (ICADV)<\/strong>\n\n\"La polic\u00eda depende de la cooperaci\u00f3n de la comunidad para mantener la seguridad p\u00fablica porque es dif\u00edcil prevenir violencia si la gente tiene miedo de llamar a la polic\u00eda por ayuda. Esta ley aumenta el riesgo para v\u00edctimas de violencia dom\u00e9stica, abuso sexual, o tr\u00e1fico humano que son inmigrantes.\"\n\n\"Esta ley tambi\u00e9n frustra el acceso de v\u00edctimas a protecciones federales que fueron promulgadas hace d\u00e9cadas para proteger a v\u00edctimas de parejas abusivas que usaban su estatus migratorio para hacer da\u00f1o. Tambi\u00e9n interrumpe los esfuerzos de polic\u00edas para generar confianza con comunidades inmigrantes y esfuerzos estatales para apoyar a las v\u00edctimas de violencia dom\u00e9stica o abuso sexual.\"\n\n\"Las v\u00edctimas inmigrantes de violencia de pareja no van a querer llamar a la polic\u00eda por culpa de esta ley. Tambi\u00e9n castiga a las v\u00edctimas que ya trabajan con la polic\u00eda que est\u00e1n en riesgo de ser arrestadas, deportadas, o encarceladas. Va hacer m\u00e1s dif\u00edcil que las v\u00edctimas de violencia dom\u00e9stica llamen a la polic\u00eda cuando est\u00e1n en peligro. Las pone en m\u00e1s riesgo, da\u00f1a la seguridad p\u00fablica, y amenaza el bienestar de comunidades en Iowa.\"\n\n<em>*Nota legal: Anna es un miembro de Iowa MMJ pero no es una demandante que fue nombrada individualmente. Los tres demandantes son:<\/em>\n\n<ol><li><em>Iowa MMJ, que present\u00f3 la demanda por s\u00ed mismo y por sus miembros, incluyendo a Anna<\/em><\/li><li><em>Jane Doe, que present\u00f3 la demanda en su capacidad individual y tambi\u00e9n como un miembro de Iowa MMJ<\/em><\/li><li><em>Elizabeth Roe, una se\u00f1ora de 40 a\u00f1os de Colombia que presento la demanda en su capacidad individual y tambi\u00e9n como un miembro de Iowa MMJ<\/em><\/li><\/ol>"}}],"use_default_media_contact":false,"name":"<p>Elyssa Pachico; American Immigration Council media engagement specialist, epachico@immcouncil.org<\/p><p>Veronica Lorson Fowler, ACLU of Iowa communications director, veronica.fowler@aclu-ia.org<\/p><p>Inga Sarda-Sorensen, ACLU National communications strategist, isarda-sorensen@aclu.org<\/p><p><a href=\"https:\/\/drive.google.com\/drive\/u\/0\/folders\/1Xt2nJuOon8YkNzQanfJd27raJiNBpo6e\">Headshots, logos, and legal documents can be found here.<\/a><\/p>","email":"","phone":"","address":{"address_1":"","address_2":"","city":"","state":"","zip_code":"","country":"United States"},"pgp_public_key":"","spokesperson":null,"related_content":[3062],"issues":[2396],"toggle-pdf":true,"documents":null},"yoast_head":"<!-- This site is optimized with the Yoast SEO plugin v24.9 - https:\/\/yoast.com\/wordpress\/plugins\/seo\/ -->\n<title>Grupos de libertades civiles presentan demanda contra la ley inconstitucional SF 2340 de Iowa - ACLU of Iowa<\/title>\n<meta name=\"robots\" content=\"index, follow, max-snippet:-1, max-image-preview:large, max-video-preview:-1\" \/>\n<link rel=\"canonical\" href=\"http:\/\/www.aclu-ia.org\/press-releases\/civil-rights-groups-file-lawsuit-block-iowas-unconstitutional-sf-2340\/\" \/>\n<meta property=\"og:locale\" content=\"es_ES\" \/>\n<meta property=\"og:type\" content=\"article\" \/>\n<meta property=\"og:title\" content=\"Grupos de libertades civiles presentan demanda contra la ley inconstitucional SF 2340 de Iowa - ACLU of Iowa\" \/>\n<meta property=\"og:description\" content=\"Des Moines, Iowa \u2014&nbsp;Grupos de libertades civiles presentaron una demanda federal para bloquear SF 2340, una de las peores leyes promulgadas en el estado de Iowa. La ley entra en vigor el primero de julio. Pero se contradice con leyes federales que ya existen y tendr\u00e1 muchas consecuencias dram\u00e1ticas para las personas que viven en [&hellip;]\" \/>\n<meta property=\"og:url\" content=\"https:\/\/www.aclu-ia.org\/es\/press-releases\/grupos-de-libertades-civiles-presentan-demanda-contra-la-ley-inconstitucional-sf-2340\/\" \/>\n<meta property=\"og:site_name\" content=\"ACLU of Iowa\" \/>\n<meta property=\"og:image\" content=\"http:\/\/www.aclu-ia.org\/app\/uploads\/2020\/07\/evergreen_graphic.png\" \/>\n\t<meta property=\"og:image:width\" content=\"1200\" \/>\n\t<meta property=\"og:image:height\" content=\"630\" \/>\n\t<meta property=\"og:image:type\" content=\"image\/png\" \/>\n<meta name=\"twitter:card\" content=\"summary_large_image\" \/>\n<script type=\"application\/ld+json\" class=\"yoast-schema-graph\">{\"@context\":\"https:\/\/schema.org\",\"@graph\":[{\"@type\":\"WebPage\",\"@id\":\"http:\/\/www.aclu-ia.org\/press-releases\/civil-rights-groups-file-lawsuit-block-iowas-unconstitutional-sf-2340\/\",\"url\":\"http:\/\/www.aclu-ia.org\/press-releases\/civil-rights-groups-file-lawsuit-block-iowas-unconstitutional-sf-2340\/\",\"name\":\"Grupos de libertades civiles presentan demanda contra la ley inconstitucional SF 2340 de Iowa - ACLU of Iowa\",\"isPartOf\":{\"@id\":\"https:\/\/www.aclu-ia.org\/#website\"},\"datePublished\":\"2024-05-09T16:11:40+00:00\",\"breadcrumb\":{\"@id\":\"http:\/\/www.aclu-ia.org\/press-releases\/civil-rights-groups-file-lawsuit-block-iowas-unconstitutional-sf-2340\/#breadcrumb\"},\"inLanguage\":\"es-ES\",\"potentialAction\":[{\"@type\":\"ReadAction\",\"target\":[\"http:\/\/www.aclu-ia.org\/press-releases\/civil-rights-groups-file-lawsuit-block-iowas-unconstitutional-sf-2340\/\"]}]},{\"@type\":\"BreadcrumbList\",\"@id\":\"http:\/\/www.aclu-ia.org\/press-releases\/civil-rights-groups-file-lawsuit-block-iowas-unconstitutional-sf-2340\/#breadcrumb\",\"itemListElement\":[{\"@type\":\"ListItem\",\"position\":1,\"name\":\"Press Releases\",\"item\":\"https:\/\/www.aclu-ia.org\/press-releases\/\"},{\"@type\":\"ListItem\",\"position\":2,\"name\":\"Grupos de libertades civiles presentan demanda contra la ley inconstitucional SF 2340 de Iowa\"}]},{\"@type\":\"WebSite\",\"@id\":\"https:\/\/www.aclu-ia.org\/#website\",\"url\":\"https:\/\/www.aclu-ia.org\/\",\"name\":\"ACLU of Iowa\",\"description\":\"An Iowa We Can Believe In\",\"publisher\":{\"@id\":\"https:\/\/www.aclu-ia.org\/#organization\"},\"potentialAction\":[{\"@type\":\"SearchAction\",\"target\":{\"@type\":\"EntryPoint\",\"urlTemplate\":\"https:\/\/www.aclu-ia.org\/?s={search_term_string}\"},\"query-input\":{\"@type\":\"PropertyValueSpecification\",\"valueRequired\":true,\"valueName\":\"search_term_string\"}}],\"inLanguage\":\"es-ES\"},{\"@type\":\"Organization\",\"@id\":\"https:\/\/www.aclu-ia.org\/#organization\",\"name\":\"ACLU of Iowa\",\"url\":\"https:\/\/www.aclu-ia.org\/\",\"logo\":{\"@type\":\"ImageObject\",\"inLanguage\":\"es-ES\",\"@id\":\"https:\/\/www.aclu-ia.org\/#\/schema\/logo\/image\/\",\"url\":\"https:\/\/www.aclu-ia.org\/app\/uploads\/2025\/08\/ACLU_Iowa_Moblie-Web_Color_RGB.png\",\"contentUrl\":\"https:\/\/www.aclu-ia.org\/app\/uploads\/2025\/08\/ACLU_Iowa_Moblie-Web_Color_RGB.png\",\"width\":2084,\"height\":2084,\"caption\":\"ACLU of Iowa\"},\"image\":{\"@id\":\"https:\/\/www.aclu-ia.org\/#\/schema\/logo\/image\/\"}}]}<\/script>\n<!-- \/ Yoast SEO plugin. -->","yoast_head_json":{"title":"Grupos de libertades civiles presentan demanda contra la ley inconstitucional SF 2340 de Iowa - ACLU of Iowa","robots":{"index":"index","follow":"follow","max-snippet":"max-snippet:-1","max-image-preview":"max-image-preview:large","max-video-preview":"max-video-preview:-1"},"canonical":"http:\/\/www.aclu-ia.org\/press-releases\/civil-rights-groups-file-lawsuit-block-iowas-unconstitutional-sf-2340\/","og_locale":"es_ES","og_type":"article","og_title":"Grupos de libertades civiles presentan demanda contra la ley inconstitucional SF 2340 de Iowa - ACLU of Iowa","og_description":"Des Moines, Iowa \u2014&nbsp;Grupos de libertades civiles presentaron una demanda federal para bloquear SF 2340, una de las peores leyes promulgadas en el estado de Iowa. La ley entra en vigor el primero de julio. Pero se contradice con leyes federales que ya existen y tendr\u00e1 muchas consecuencias dram\u00e1ticas para las personas que viven en [&hellip;]","og_url":"https:\/\/www.aclu-ia.org\/es\/press-releases\/grupos-de-libertades-civiles-presentan-demanda-contra-la-ley-inconstitucional-sf-2340\/","og_site_name":"ACLU of Iowa","og_image":[{"width":1200,"height":630,"url":"http:\/\/www.aclu-ia.org\/app\/uploads\/2020\/07\/evergreen_graphic.png","type":"image\/png"}],"twitter_card":"summary_large_image","schema":{"@context":"https:\/\/schema.org","@graph":[{"@type":"WebPage","@id":"http:\/\/www.aclu-ia.org\/press-releases\/civil-rights-groups-file-lawsuit-block-iowas-unconstitutional-sf-2340\/","url":"http:\/\/www.aclu-ia.org\/press-releases\/civil-rights-groups-file-lawsuit-block-iowas-unconstitutional-sf-2340\/","name":"Grupos de libertades civiles presentan demanda contra la ley inconstitucional SF 2340 de Iowa - ACLU of Iowa","isPartOf":{"@id":"https:\/\/www.aclu-ia.org\/#website"},"datePublished":"2024-05-09T16:11:40+00:00","breadcrumb":{"@id":"http:\/\/www.aclu-ia.org\/press-releases\/civil-rights-groups-file-lawsuit-block-iowas-unconstitutional-sf-2340\/#breadcrumb"},"inLanguage":"es-ES","potentialAction":[{"@type":"ReadAction","target":["http:\/\/www.aclu-ia.org\/press-releases\/civil-rights-groups-file-lawsuit-block-iowas-unconstitutional-sf-2340\/"]}]},{"@type":"BreadcrumbList","@id":"http:\/\/www.aclu-ia.org\/press-releases\/civil-rights-groups-file-lawsuit-block-iowas-unconstitutional-sf-2340\/#breadcrumb","itemListElement":[{"@type":"ListItem","position":1,"name":"Press Releases","item":"https:\/\/www.aclu-ia.org\/press-releases\/"},{"@type":"ListItem","position":2,"name":"Grupos de libertades civiles presentan demanda contra la ley inconstitucional SF 2340 de Iowa"}]},{"@type":"WebSite","@id":"https:\/\/www.aclu-ia.org\/#website","url":"https:\/\/www.aclu-ia.org\/","name":"ACLU of Iowa","description":"An Iowa We Can Believe In","publisher":{"@id":"https:\/\/www.aclu-ia.org\/#organization"},"potentialAction":[{"@type":"SearchAction","target":{"@type":"EntryPoint","urlTemplate":"https:\/\/www.aclu-ia.org\/?s={search_term_string}"},"query-input":{"@type":"PropertyValueSpecification","valueRequired":true,"valueName":"search_term_string"}}],"inLanguage":"es-ES"},{"@type":"Organization","@id":"https:\/\/www.aclu-ia.org\/#organization","name":"ACLU of Iowa","url":"https:\/\/www.aclu-ia.org\/","logo":{"@type":"ImageObject","inLanguage":"es-ES","@id":"https:\/\/www.aclu-ia.org\/#\/schema\/logo\/image\/","url":"https:\/\/www.aclu-ia.org\/app\/uploads\/2025\/08\/ACLU_Iowa_Moblie-Web_Color_RGB.png","contentUrl":"https:\/\/www.aclu-ia.org\/app\/uploads\/2025\/08\/ACLU_Iowa_Moblie-Web_Color_RGB.png","width":2084,"height":2084,"caption":"ACLU of Iowa"},"image":{"@id":"https:\/\/www.aclu-ia.org\/#\/schema\/logo\/image\/"}}]}},"distributor_meta":false,"distributor_terms":false,"distributor_media":false,"distributor_original_site_name":"ACLU of Iowa","distributor_original_site_url":"https:\/\/www.aclu-ia.org\/es\/","push-errors":false,"_links":{"self":[{"href":"https:\/\/www.aclu-ia.org\/es\/wp-json\/wp\/v2\/press_release\/3019","targetHints":{"allow":["GET"]}}],"collection":[{"href":"https:\/\/www.aclu-ia.org\/es\/wp-json\/wp\/v2\/press_release"}],"about":[{"href":"https:\/\/www.aclu-ia.org\/es\/wp-json\/wp\/v2\/types\/press_release"}],"author":[{"embeddable":true,"href":"https:\/\/www.aclu-ia.org\/es\/wp-json\/wp\/v2\/users\/7"}],"version-history":[{"count":0,"href":"https:\/\/www.aclu-ia.org\/es\/wp-json\/wp\/v2\/press_release\/3019\/revisions"}],"acf:post":[{"embeddable":true,"href":"https:\/\/www.aclu-ia.org\/es\/wp-json\/wp\/v2\/issue\/2396"},{"embeddable":true,"href":"https:\/\/www.aclu-ia.org\/es\/wp-json\/wp\/v2\/press_release\/3062"}],"wp:attachment":[{"href":"https:\/\/www.aclu-ia.org\/es\/wp-json\/wp\/v2\/media?parent=3019"}],"curies":[{"name":"wp","href":"https:\/\/api.w.org\/{rel}","templated":true}]}}